{"id":216,"date":"2024-04-01T16:03:00","date_gmt":"2024-04-01T16:03:00","guid":{"rendered":"https:\/\/landseer-nothilfe.de\/?p=216"},"modified":"2025-10-26T13:46:13","modified_gmt":"2025-10-26T13:46:13","slug":"lnh-treffen-laacher-see","status":"publish","type":"post","link":"https:\/\/landseer-nothilfe.de\/index.php\/2024\/04\/01\/lnh-treffen-laacher-see\/","title":{"rendered":"Landseer-Treffen am 28. April 2024 mit Spaziergang am Laacher See"},"content":{"rendered":"\n<h4 class=\"wp-block-heading\">Wir treffen uns am n\u00e4chsten Sonntag, 28. April 2024, um 11.30 Uhr am Restaurant \u201eVulkan Waldfrieden\u201c<\/h4>\n\n\n\n<p><a href=\"https:\/\/www.vulkan-waldfrieden.de\/\" target=\"_blank\" rel=\"noreferrer noopener\">Hier geht es zum Restaurant<\/a><\/p>\n\n\n\n<p>Wir k\u00f6nnen auf dem gro\u00dfen Parkplatz gegen\u00fcber der Gastst\u00e4tte parken. Da werde ich mit meinem VW-Bus stehen.<\/p>\n\n\n\n<p>Die Strecke ist typisch f\u00fcr die Vulkaneifel und nicht zu anstrengend. Die Wanderwege im Wald sind gut, ideal f\u00fcr einen Landseer-Spaziergang, und es gibt auch viel \u201eKnautschzone\u201c f\u00fcr die Hunde. Wir werden in aller Ruhe einen Spaziergang von ca. 2 \u2013 3 km machen. Es gibt viel Zeit zum Reden, auch oder vor allem \u00fcber unsere Landseer.<\/p>\n\n\n\n<p>Die Wanderung endet wieder am \u201eWaldfrieden\u201c, wo wir zum Abschluss einkehren und bei sch\u00f6nem Wetter auch auf der Terrasse sitzen k\u00f6nnen.<\/p>\n\n\n\n<p>Wasser f\u00fcr die Hunde ist kein Problem. Und, falls Bedarf ist, habe ich auch einen kleinen Imbiss f\u00fcr die Hunde dabei.<\/p>\n\n\n\n<h4 class=\"wp-block-heading\">F\u00fcr eure Planung:<\/h4>\n\n\n\n<p>Restaurant \u201eVulkan Waldfrieden\u201c<br>Am Laacher See (L113), 56653 Wassenach<br>Plus Code: C7GF+CM, Nickenich<\/p>\n\n\n\n<p>Von der A 61 Ausfahrt 34 Mendig \/ Maria Laach, am Kloster vorbei noch ca. 2000 Meter<\/p>\n\n\n\n<p>An der Ausfahrt 34 trifft die A 61 auch auf die Ausfahrt der B 262, Zubringer zur A 48 Richtung Trier<\/p>\n\n\n\n<h4 class=\"wp-block-heading\"><strong>Anmeldung bis 23.04.2024 an:<\/strong><\/h4>\n\n\n\n<p>Conny Hammerschmitt, Tel. 06772 8717 oder per E-Mail,&nbsp;<a href=\"mailto:vorstand@landseer-nothilfe.de\">vorstand@landseer-nothilfe.de<\/a><\/p>\n\n\n\n<p>Bei organisatorischen Schwierigkeiten k\u00f6nnt ihr euch wenden an:<br>Reiner Plehwe, Tel. 0170483961<\/p>\n\n\n\n<p>E-Mail:&nbsp;<a href=\"mailto:reiner.plehwe@online.de\">reiner.plehwe@online.de<\/a><\/p>\n\n\n\n<div style=\"height:50px\" aria-hidden=\"true\" class=\"wp-block-spacer\"><\/div>\n\n\n\n<figure class=\"wp-block-gallery has-nested-images columns-default is-cropped wp-block-gallery-1 is-layout-flex wp-block-gallery-is-layout-flex\">\n<figure class=\"wp-block-image size-large\"><img loading=\"lazy\" decoding=\"async\" width=\"520\" height=\"303\" data-id=\"211\" src=\"https:\/\/landseer-nothilfe.de\/wp-content\/uploads\/2025\/03\/Laacher-See-1.jpg\" alt=\"\" class=\"wp-image-211\" srcset=\"https:\/\/landseer-nothilfe.de\/wp-content\/uploads\/2025\/03\/Laacher-See-1.jpg 520w, https:\/\/landseer-nothilfe.de\/wp-content\/uploads\/2025\/03\/Laacher-See-1-300x175.jpg 300w\" sizes=\"auto, (max-width: 520px) 100vw, 520px\" \/><\/figure>\n\n\n\n<figure class=\"wp-block-image size-large\"><img loading=\"lazy\" decoding=\"async\" width=\"227\" height=\"120\" data-id=\"212\" src=\"https:\/\/landseer-nothilfe.de\/wp-content\/uploads\/2025\/03\/Laacher-See-2.jpg\" alt=\"\" class=\"wp-image-212\"\/><\/figure>\n\n\n\n<figure class=\"wp-block-image size-large\"><img loading=\"lazy\" decoding=\"async\" width=\"213\" height=\"61\" data-id=\"213\" src=\"https:\/\/landseer-nothilfe.de\/wp-content\/uploads\/2025\/03\/Laacher-See-3.jpg\" alt=\"\" class=\"wp-image-213\"\/><\/figure>\n\n\n\n<figure class=\"wp-block-image size-large\"><img loading=\"lazy\" decoding=\"async\" width=\"220\" height=\"119\" data-id=\"214\" src=\"https:\/\/landseer-nothilfe.de\/wp-content\/uploads\/2025\/03\/Laacher-See-4.jpg\" alt=\"\" class=\"wp-image-214\"\/><\/figure>\n\n\n\n<figure class=\"wp-block-image size-large\"><img loading=\"lazy\" decoding=\"async\" width=\"227\" height=\"204\" data-id=\"215\" src=\"https:\/\/landseer-nothilfe.de\/wp-content\/uploads\/2025\/03\/Laacher-See-5.jpg\" alt=\"\" class=\"wp-image-215\"\/><\/figure>\n<\/figure>\n","protected":false},"excerpt":{"rendered":"<p>Wir treffen uns am n\u00e4chsten Sonntag, 28. April 2024, um 11.30 Uhr am Restaurant \u201eVulkan Waldfrieden\u201c Hier geht es zum Restaurant Wir k\u00f6nnen auf dem gro\u00dfen Parkplatz gegen\u00fcber der Gastst\u00e4tte parken. Da werde ich mit meinem VW-Bus stehen. Die Strecke ist typisch f\u00fcr die Vulkaneifel und nicht zu anstrengend. Die Wanderwege im Wald sind gut, [&hellip;]<\/p>\n","protected":false},"author":1,"featured_media":211,"comment_status":"open","ping_status":"open","sticky":false,"template":"","format":"standard","meta":{"footnotes":""},"categories":[5],"tags":[],"class_list":["post-216","post","type-post","status-publish","format-standard","has-post-thumbnail","hentry","category-aktuelles"],"_links":{"self":[{"href":"https:\/\/landseer-nothilfe.de\/index.php\/wp-json\/wp\/v2\/posts\/216","targetHints":{"allow":["GET"]}}],"collection":[{"href":"https:\/\/landseer-nothilfe.de\/index.php\/wp-json\/wp\/v2\/posts"}],"about":[{"href":"https:\/\/landseer-nothilfe.de\/index.php\/wp-json\/wp\/v2\/types\/post"}],"author":[{"embeddable":true,"href":"https:\/\/landseer-nothilfe.de\/index.php\/wp-json\/wp\/v2\/users\/1"}],"replies":[{"embeddable":true,"href":"https:\/\/landseer-nothilfe.de\/index.php\/wp-json\/wp\/v2\/comments?post=216"}],"version-history":[{"count":3,"href":"https:\/\/landseer-nothilfe.de\/index.php\/wp-json\/wp\/v2\/posts\/216\/revisions"}],"predecessor-version":[{"id":221,"href":"https:\/\/landseer-nothilfe.de\/index.php\/wp-json\/wp\/v2\/posts\/216\/revisions\/221"}],"wp:featuredmedia":[{"embeddable":true,"href":"https:\/\/landseer-nothilfe.de\/index.php\/wp-json\/wp\/v2\/media\/211"}],"wp:attachment":[{"href":"https:\/\/landseer-nothilfe.de\/index.php\/wp-json\/wp\/v2\/media?parent=216"}],"wp:term":[{"taxonomy":"category","embeddable":true,"href":"https:\/\/landseer-nothilfe.de\/index.php\/wp-json\/wp\/v2\/categories?post=216"},{"taxonomy":"post_tag","embeddable":true,"href":"https:\/\/landseer-nothilfe.de\/index.php\/wp-json\/wp\/v2\/tags?post=216"}],"curies":[{"name":"wp","href":"https:\/\/api.w.org\/{rel}","templated":true}]}}